{"id":5433,"date":"2019-01-29T07:58:40","date_gmt":"2019-01-29T10:58:40","guid":{"rendered":"http:\/\/www.primeranota.cl\/web\/?p=5433"},"modified":"2019-01-29T07:58:40","modified_gmt":"2019-01-29T10:58:40","slug":"reprochan-a-heraldo-munoz-por-publicar-caricatura-de-cecilia-perez","status":"publish","type":"post","link":"https:\/\/www.primeranota.cl\/web\/pais\/reprochan-a-heraldo-munoz-por-publicar-caricatura-de-cecilia-perez\/","title":{"rendered":"Reprochan a Heraldo Mu\u00f1oz por publicar caricatura de Cecilia P\u00e9rez"},"content":{"rendered":"<p>\u00abPensaba que era un caballero\u00bbLa imagen fue calificada como \u00abirrespetuosa\u00bb por algunas autoridades, quienes adem\u00e1s aludieron a una falta de caballerosidad del ex canciller<\/p>\n<p>Como una falta de respeto. As\u00ed han calificado algunas autoridades del Gobierno y de Chile Vamos, una caricatura publicada en Twitter por el presidente del PPD, Heraldo Mu\u00f1oz, donde se muestra un dibujo que representar\u00eda a la ministra vocera, Cecilia P\u00e9rez.<\/p>\n<p>La imagen se acompa\u00f1a adem\u00e1s de una frase en que la portavoz de La Moneda pide, durante una aparente vocer\u00eda, explicaciones a la ex Presidente Michelle Bachelet, por las altas temperaturas de los \u00faltimos d\u00edas: \u00abEst\u00e1n cayendo los patos asados (\u2026) \u00bfy qu\u00e9 dice la Bachelet?\u00bb. La publicaci\u00f3n fue comentada a trav\u00e9s de la misma red social por la ministra de la Mujer, Isabel Pl\u00e1, quien le indic\u00f3 a Mu\u00f1oz que tiene \u00abla mejor opini\u00f3n de usted como ex canciller y pol\u00edtico\u00bb, por lo cual \u00abme sorprende esta manera irrespetuosa\u00bb de referirse a la ministra P\u00e9rez.<\/p>\n<p>En ese contexto, Pl\u00e1 argument\u00f3 que \u00ablas ideas se enfrentan con ideas, no con caricaturas que degradan el debate\u00bb. En la misma l\u00ednea, la intendenta de la Regi\u00f3n Metropolitana, Karla Rubilar, manifest\u00f3 que \u00abdem\u00e1s est\u00e1 decir que es una tremenda falta de respeto a su gesti\u00f3n e incansable trabajo por el bien del pa\u00eds\u00bb, esta imagen de la ministra, la cual indic\u00f3 es compartida por Mu\u00f1oz, \u00abtan burlescamente\u00bb. \u00abSe me cay\u00f3 mal oiga, una que pensaba que usted era un caballero\u00bb, acot\u00f3 Rubilar.<\/p>\n<p>Asimismo, la diputada Paulina N\u00fa\u00f1ez (RN), le reclam\u00f3 al timonel PPD: \u00ab\u00bfSe cay\u00f3 del pedestal de la caballerosidad?, \u00bfse puso barra brava?, \u00bfse contagi\u00f3 con la discriminaci\u00f3n?, \u00bfla actitud de precandidato lo hace perder el respeto por una mujer?\u00bb.<\/p>\n","protected":false},"excerpt":{"rendered":"<p>\u00abPensaba que era un caballero\u00bbLa imagen fue calificada como \u00abirrespetuosa\u00bb por algunas autoridades, quienes adem\u00e1s aludieron a una falta de caballerosidad del ex canciller Como&#8230;<\/p>\n","protected":false},"author":2,"featured_media":4949,"comment_status":"closed","ping_status":"open","sticky":false,"template":"","format":"standard","meta":{"wpai_generated_summary":"","wpai_meta_description":"","footnotes":""},"categories":[4,267],"tags":[],"class_list":["post-5433","post","type-post","status-publish","format-standard","has-post-thumbnail","hentry","category-pais","category-portada"],"_links":{"self":[{"href":"https:\/\/www.primeranota.cl\/web\/wp-json\/wp\/v2\/posts\/5433","targetHints":{"allow":["GET"]}}],"collection":[{"href":"https:\/\/www.primeranota.cl\/web\/wp-json\/wp\/v2\/posts"}],"about":[{"href":"https:\/\/www.primeranota.cl\/web\/wp-json\/wp\/v2\/types\/post"}],"author":[{"embeddable":true,"href":"https:\/\/www.primeranota.cl\/web\/wp-json\/wp\/v2\/users\/2"}],"replies":[{"embeddable":true,"href":"https:\/\/www.primeranota.cl\/web\/wp-json\/wp\/v2\/comments?post=5433"}],"version-history":[{"count":1,"href":"https:\/\/www.primeranota.cl\/web\/wp-json\/wp\/v2\/posts\/5433\/revisions"}],"predecessor-version":[{"id":5434,"href":"https:\/\/www.primeranota.cl\/web\/wp-json\/wp\/v2\/posts\/5433\/revisions\/5434"}],"wp:attachment":[{"href":"https:\/\/www.primeranota.cl\/web\/wp-json\/wp\/v2\/media?parent=5433"}],"wp:term":[{"taxonomy":"category","embeddable":true,"href":"https:\/\/www.primeranota.cl\/web\/wp-json\/wp\/v2\/categories?post=5433"},{"taxonomy":"post_tag","embeddable":true,"href":"https:\/\/www.primeranota.cl\/web\/wp-json\/wp\/v2\/tags?post=5433"}],"curies":[{"name":"wp","href":"https:\/\/api.w.org\/{rel}","templated":true}]}}